{"id":26141,"date":"2026-09-01T19:25:26","date_gmt":"2026-09-01T17:25:26","guid":{"rendered":"https:\/\/sp1.zielonka.pl\/?p=26141"},"modified":"2026-09-01T19:29:14","modified_gmt":"2026-09-01T17:29:14","slug":"rozpoczecie-roku-szkolnego-2026_2027","status":"publish","type":"post","link":"https:\/\/sp1.zielonka.pl\/index.php\/2026\/09\/01\/rozpoczecie-roku-szkolnego-2026_2027\/","title":{"rendered":"Rozpocz\u0119cie roku szkolnego 2026_2027"},"content":{"rendered":"\n\n\n<div class=\"wp-block-media-text is-stacked-on-mobile\" style=\"grid-template-columns:31% auto\"><figure class=\"wp-block-media-text__media\"><a href=\"https:\/\/sp1.zielonka.pl\/index.php\/galeria\/gallery\/poczatek-roku-szkolnego\/\"><img loading=\"lazy\" decoding=\"async\" width=\"533\" height=\"800\" src=\"https:\/\/sp1.zielonka.pl\/wp-content\/uploads\/2026\/09\/poczatek_rok-2.jpg\" alt=\"\" class=\"wp-image-26136 size-full\" srcset=\"https:\/\/sp1.zielonka.pl\/wp-content\/uploads\/2026\/09\/poczatek_rok-2.jpg 533w, https:\/\/sp1.zielonka.pl\/wp-content\/uploads\/2026\/09\/poczatek_rok-2-200x300.jpg 200w, https:\/\/sp1.zielonka.pl\/wp-content\/uploads\/2026\/09\/poczatek_rok-2-16x24.jpg 16w, https:\/\/sp1.zielonka.pl\/wp-content\/uploads\/2026\/09\/poczatek_rok-2-24x36.jpg 24w, https:\/\/sp1.zielonka.pl\/wp-content\/uploads\/2026\/09\/poczatek_rok-2-32x48.jpg 32w\" sizes=\"auto, (max-width: 533px) 100vw, 533px\" \/><\/a><\/figure><div class=\"wp-block-media-text__content\">\n<p>Dzi\u015b oficjalnie rozpocz\u0119li\u015bmy rok szkolny 2026\/2027! \u017byczymy wszystkim Uczniom wielu sukces\u00f3w, rado\u015bci z nauki, nowych przyja\u017ani i pi\u0119knych chwil sp\u0119dzonych w naszej szkolnej spo\u0142eczno\u015bci.<\/p>\n\n\n\n<p>Uroczysto\u015b\u0107 zaszczycili sw\u0105 obecno\u015bci\u0105 przedstawiciele w\u0142adz miejskich: Anna Hrynkiewicz-Skarbnik Miasta oraz Andrzej Marek Grodzki \u2013 Przewodnicz\u0105cy Rady Miasta<\/p>\n<p>\u00a0<\/p>\n<\/div><\/div>\n","protected":false},"excerpt":{"rendered":"","protected":false},"author":4,"featured_media":0,"comment_status":"closed","ping_status":"closed","sticky":false,"template":"","format":"standard","meta":{"footnotes":""},"categories":[1],"tags":[],"class_list":["post-26141","post","type-post","status-publish","format-standard","hentry","category-bez-kategorii"],"_links":{"self":[{"href":"https:\/\/sp1.zielonka.pl\/index.php\/wp-json\/wp\/v2\/posts\/26141","targetHints":{"allow":["GET"]}}],"collection":[{"href":"https:\/\/sp1.zielonka.pl\/index.php\/wp-json\/wp\/v2\/posts"}],"about":[{"href":"https:\/\/sp1.zielonka.pl\/index.php\/wp-json\/wp\/v2\/types\/post"}],"author":[{"embeddable":true,"href":"https:\/\/sp1.zielonka.pl\/index.php\/wp-json\/wp\/v2\/users\/4"}],"replies":[{"embeddable":true,"href":"https:\/\/sp1.zielonka.pl\/index.php\/wp-json\/wp\/v2\/comments?post=26141"}],"version-history":[{"count":3,"href":"https:\/\/sp1.zielonka.pl\/index.php\/wp-json\/wp\/v2\/posts\/26141\/revisions"}],"predecessor-version":[{"id":26145,"href":"https:\/\/sp1.zielonka.pl\/index.php\/wp-json\/wp\/v2\/posts\/26141\/revisions\/26145"}],"wp:attachment":[{"href":"https:\/\/sp1.zielonka.pl\/index.php\/wp-json\/wp\/v2\/media?parent=26141"}],"wp:term":[{"taxonomy":"category","embeddable":true,"href":"https:\/\/sp1.zielonka.pl\/index.php\/wp-json\/wp\/v2\/categories?post=26141"},{"taxonomy":"post_tag","embeddable":true,"href":"https:\/\/sp1.zielonka.pl\/index.php\/wp-json\/wp\/v2\/tags?post=26141"}],"curies":[{"name":"wp","href":"https:\/\/api.w.org\/{rel}","templated":true}]}}