{"id":25563,"date":"2026-05-02T15:35:58","date_gmt":"2026-05-02T13:35:58","guid":{"rendered":"https:\/\/sp1.zielonka.pl\/?p=25563"},"modified":"2026-05-02T15:35:59","modified_gmt":"2026-05-02T13:35:59","slug":"zerowka-dziala","status":"publish","type":"post","link":"https:\/\/sp1.zielonka.pl\/index.php\/2026\/05\/02\/zerowka-dziala\/","title":{"rendered":"Zer\u00f3wka dzia\u0142a"},"content":{"rendered":"\n<div class=\"wp-block-media-text has-media-on-the-right is-stacked-on-mobile\" style=\"grid-template-columns:auto 20%\"><div class=\"wp-block-media-text__content\">\n<p>W zer\u00f3wkach mieli\u015bmy przyjemno\u015b\u0107 go\u015bci\u0107 pani\u0105 Iren\u0119, mam\u0119 Rafa\u0142a. Nasz go\u015b\u0107 z pasj\u0105 zaprezentowa\u0142a dzieciom sw\u00f3j instrument \u2013 akordeon, opowiadaj\u0105c o jego budowie i mo\u017cliwo\u015bciach oraz wykonuj\u0105c kilka pi\u0119knych utwor\u00f3w. By\u0142o to niezwykle ciekawe i radosne spotkanie, kt\u00f3re na d\u0142ugo pozostanie w naszej pami\u0119ci. Serdecznie dzi\u0119kujemy za po\u015bwi\u0119cony czas i podzielenie si\u0119 swoj\u0105 pasj\u0105.<\/p>\n\n\n<\/div><figure class=\"wp-block-media-text__media\"><img loading=\"lazy\" decoding=\"async\" width=\"600\" height=\"797\" src=\"https:\/\/sp1.zielonka.pl\/wp-content\/uploads\/2026\/05\/spotkanie-2.jpg\" alt=\"\" class=\"wp-image-25564 size-full\" srcset=\"https:\/\/sp1.zielonka.pl\/wp-content\/uploads\/2026\/05\/spotkanie-2.jpg 600w, https:\/\/sp1.zielonka.pl\/wp-content\/uploads\/2026\/05\/spotkanie-2-226x300.jpg 226w, https:\/\/sp1.zielonka.pl\/wp-content\/uploads\/2026\/05\/spotkanie-2-18x24.jpg 18w, https:\/\/sp1.zielonka.pl\/wp-content\/uploads\/2026\/05\/spotkanie-2-27x36.jpg 27w, https:\/\/sp1.zielonka.pl\/wp-content\/uploads\/2026\/05\/spotkanie-2-36x48.jpg 36w\" sizes=\"auto, (max-width: 600px) 100vw, 600px\" \/><\/figure><\/div>\n\n\n\n<div class=\"wp-block-media-text is-stacked-on-mobile\"><figure class=\"wp-block-media-text__media\"><img loading=\"lazy\" decoding=\"async\" width=\"797\" height=\"600\" src=\"https:\/\/sp1.zielonka.pl\/wp-content\/uploads\/2026\/05\/taniec-2.jpg\" alt=\"\" class=\"wp-image-25565 size-full\" srcset=\"https:\/\/sp1.zielonka.pl\/wp-content\/uploads\/2026\/05\/taniec-2.jpg 797w, https:\/\/sp1.zielonka.pl\/wp-content\/uploads\/2026\/05\/taniec-2-300x226.jpg 300w, https:\/\/sp1.zielonka.pl\/wp-content\/uploads\/2026\/05\/taniec-2-768x578.jpg 768w, https:\/\/sp1.zielonka.pl\/wp-content\/uploads\/2026\/05\/taniec-2-24x18.jpg 24w, https:\/\/sp1.zielonka.pl\/wp-content\/uploads\/2026\/05\/taniec-2-36x27.jpg 36w, https:\/\/sp1.zielonka.pl\/wp-content\/uploads\/2026\/05\/taniec-2-48x36.jpg 48w\" sizes=\"auto, (max-width: 797px) 100vw, 797px\" \/><\/figure><div class=\"wp-block-media-text__content\">\n<p>29.04 przypada Mi\u0119dzynarodowy Dzie\u0144 Ta\u0144ca. Z tej okazji zer\u00f3wk\u0119 odwiedzi\u0142a Pani Paulina \u2013 mama Lenki, kt\u00f3ra jest instruktorem ta\u0144ca. Przeprowadzi\u0142a dla dzieci warsztaty taneczne oraz opowiedzia\u0142a o swojej pracy, wprowadzaj\u0105c wszystkich w radosny \u015bwiat ta\u0144ca.<\/p>\n<\/div><\/div>\n\n\n","protected":false},"excerpt":{"rendered":"<p>29.04 przypada Mi\u0119dzynarodowy Dzie\u0144 Ta\u0144ca. Z tej okazji zer\u00f3wk\u0119 odwiedzi\u0142a Pani Paulina \u2013 mama Lenki, kt\u00f3ra jest instruktorem ta\u0144ca. Przeprowadzi\u0142a dla dzieci warsztaty taneczne oraz opowiedzia\u0142a o swojej pracy, wprowadzaj\u0105c wszystkich w radosny \u015bwiat ta\u0144ca.<\/p>\n","protected":false},"author":4,"featured_media":0,"comment_status":"closed","ping_status":"closed","sticky":false,"template":"","format":"standard","meta":{"footnotes":""},"categories":[1],"tags":[],"class_list":["post-25563","post","type-post","status-publish","format-standard","hentry","category-bez-kategorii"],"_links":{"self":[{"href":"https:\/\/sp1.zielonka.pl\/index.php\/wp-json\/wp\/v2\/posts\/25563","targetHints":{"allow":["GET"]}}],"collection":[{"href":"https:\/\/sp1.zielonka.pl\/index.php\/wp-json\/wp\/v2\/posts"}],"about":[{"href":"https:\/\/sp1.zielonka.pl\/index.php\/wp-json\/wp\/v2\/types\/post"}],"author":[{"embeddable":true,"href":"https:\/\/sp1.zielonka.pl\/index.php\/wp-json\/wp\/v2\/users\/4"}],"replies":[{"embeddable":true,"href":"https:\/\/sp1.zielonka.pl\/index.php\/wp-json\/wp\/v2\/comments?post=25563"}],"version-history":[{"count":1,"href":"https:\/\/sp1.zielonka.pl\/index.php\/wp-json\/wp\/v2\/posts\/25563\/revisions"}],"predecessor-version":[{"id":25566,"href":"https:\/\/sp1.zielonka.pl\/index.php\/wp-json\/wp\/v2\/posts\/25563\/revisions\/25566"}],"wp:attachment":[{"href":"https:\/\/sp1.zielonka.pl\/index.php\/wp-json\/wp\/v2\/media?parent=25563"}],"wp:term":[{"taxonomy":"category","embeddable":true,"href":"https:\/\/sp1.zielonka.pl\/index.php\/wp-json\/wp\/v2\/categories?post=25563"},{"taxonomy":"post_tag","embeddable":true,"href":"https:\/\/sp1.zielonka.pl\/index.php\/wp-json\/wp\/v2\/tags?post=25563"}],"curies":[{"name":"wp","href":"https:\/\/api.w.org\/{rel}","templated":true}]}}