{"id":25545,"date":"2026-05-02T14:28:15","date_gmt":"2026-05-02T12:28:15","guid":{"rendered":"https:\/\/sp1.zielonka.pl\/?p=25545"},"modified":"2026-05-02T14:34:23","modified_gmt":"2026-05-02T12:34:23","slug":"dzien-ziemi","status":"publish","type":"post","link":"https:\/\/sp1.zielonka.pl\/index.php\/2026\/05\/02\/dzien-ziemi\/","title":{"rendered":"Dzie\u0144 Ziemi"},"content":{"rendered":"\n\n\n<div class=\"wp-block-media-text is-stacked-on-mobile\" style=\"grid-template-columns:36% auto\"><figure class=\"wp-block-media-text__media\"><a href=\"https:\/\/sp1.zielonka.pl\/index.php\/galeria\/gallery\/dzien-ziemi-19-04-2026\/\"><img loading=\"lazy\" decoding=\"async\" width=\"797\" height=\"600\" src=\"https:\/\/sp1.zielonka.pl\/wp-content\/uploads\/2026\/04\/dzien_ziemi-1.jpg\" alt=\"\" class=\"wp-image-25464 size-full\" srcset=\"https:\/\/sp1.zielonka.pl\/wp-content\/uploads\/2026\/04\/dzien_ziemi-1.jpg 797w, https:\/\/sp1.zielonka.pl\/wp-content\/uploads\/2026\/04\/dzien_ziemi-1-300x226.jpg 300w, https:\/\/sp1.zielonka.pl\/wp-content\/uploads\/2026\/04\/dzien_ziemi-1-768x578.jpg 768w, https:\/\/sp1.zielonka.pl\/wp-content\/uploads\/2026\/04\/dzien_ziemi-1-24x18.jpg 24w, https:\/\/sp1.zielonka.pl\/wp-content\/uploads\/2026\/04\/dzien_ziemi-1-36x27.jpg 36w, https:\/\/sp1.zielonka.pl\/wp-content\/uploads\/2026\/04\/dzien_ziemi-1-48x36.jpg 48w\" sizes=\"auto, (max-width: 797px) 100vw, 797px\" \/><\/a><\/figure><div class=\"wp-block-media-text__content\">\n<p>Ka\u017cdy z nas mo\u017ce zrobi\u0107 co\u015b dobrego dla planety\u00a0<\/p>\n\n\n\n<p>22 kwietnia w naszej szkole obchodzili\u015bmy Dzie\u0144 Ziemi. Uczniowie klas 1\u20133 przypomnieli nam, jak prawid\u0142owo segregowa\u0107 \u015bmieci, posadzili ro\u015blinki oraz przygotowali pi\u0119kne plakaty.<\/p>\n\n\n\n<p>To by\u0142a nie tylko \u015bwietna zabawa, ale tak\u017ce wa\u017cna lekcja odpowiedzialno\u015bci za nasz\u0105 planet\u0119. Wierzymy, \u017ce takie dzia\u0142ania kszta\u0142tuj\u0105 dobre nawyki i pokazuj\u0105, \u017ce nawet ma\u0142e kroki maj\u0105 wielkie znaczenie\u00a0<\/p>\n<p>\u00a0<\/p>\n<\/div><\/div>\n","protected":false},"excerpt":{"rendered":"","protected":false},"author":4,"featured_media":0,"comment_status":"closed","ping_status":"closed","sticky":false,"template":"","format":"standard","meta":{"footnotes":""},"categories":[1],"tags":[],"class_list":["post-25545","post","type-post","status-publish","format-standard","hentry","category-bez-kategorii"],"_links":{"self":[{"href":"https:\/\/sp1.zielonka.pl\/index.php\/wp-json\/wp\/v2\/posts\/25545","targetHints":{"allow":["GET"]}}],"collection":[{"href":"https:\/\/sp1.zielonka.pl\/index.php\/wp-json\/wp\/v2\/posts"}],"about":[{"href":"https:\/\/sp1.zielonka.pl\/index.php\/wp-json\/wp\/v2\/types\/post"}],"author":[{"embeddable":true,"href":"https:\/\/sp1.zielonka.pl\/index.php\/wp-json\/wp\/v2\/users\/4"}],"replies":[{"embeddable":true,"href":"https:\/\/sp1.zielonka.pl\/index.php\/wp-json\/wp\/v2\/comments?post=25545"}],"version-history":[{"count":3,"href":"https:\/\/sp1.zielonka.pl\/index.php\/wp-json\/wp\/v2\/posts\/25545\/revisions"}],"predecessor-version":[{"id":25550,"href":"https:\/\/sp1.zielonka.pl\/index.php\/wp-json\/wp\/v2\/posts\/25545\/revisions\/25550"}],"wp:attachment":[{"href":"https:\/\/sp1.zielonka.pl\/index.php\/wp-json\/wp\/v2\/media?parent=25545"}],"wp:term":[{"taxonomy":"category","embeddable":true,"href":"https:\/\/sp1.zielonka.pl\/index.php\/wp-json\/wp\/v2\/categories?post=25545"},{"taxonomy":"post_tag","embeddable":true,"href":"https:\/\/sp1.zielonka.pl\/index.php\/wp-json\/wp\/v2\/tags?post=25545"}],"curies":[{"name":"wp","href":"https:\/\/api.w.org\/{rel}","templated":true}]}}